{"id":3883,"date":"2016-03-15T13:38:22","date_gmt":"2016-03-15T12:38:22","guid":{"rendered":"http:\/\/www.alphatec-occasion.ch\/v2\/?p=3883"},"modified":"2021-04-13T11:38:20","modified_gmt":"2021-04-13T10:38:20","slug":"ag-leader-sms-basic","status":"publish","type":"post","link":"https:\/\/www.alphatec-occasion.ch\/v2\/ag-leader-sms-basic\/","title":{"rendered":"AG LEADER SMS basic"},"content":{"rendered":"","protected":false},"excerpt":{"rendered":"","protected":false},"author":3,"featured_media":3885,"comment_status":"closed","ping_status":"closed","sticky":false,"template":"","format":"standard","meta":{"_jetpack_memberships_contains_paid_content":false,"footnotes":"","jetpack_publicize_message":"","jetpack_publicize_feature_enabled":true,"jetpack_social_post_already_shared":true,"jetpack_social_options":{"image_generator_settings":{"template":"highway","default_image_id":0,"font":"","enabled":false},"version":2}},"categories":[25,180,2],"tags":[],"class_list":["post-3883","post","type-post","status-publish","format-standard","has-post-thumbnail","hentry","category-agleader-gps","category-gestion-des-donnees-sms-agfiniti","category-machines-neuves"],"yoast_head":"<!-- This site is optimized with the Yoast SEO plugin v27.1.1 - https:\/\/yoast.com\/product\/yoast-seo-wordpress\/ -->\n<title>AG LEADER SMS basic - Alphatec<\/title>\n<meta name=\"robots\" content=\"index, follow, max-snippet:-1, max-image-preview:large, max-video-preview:-1\" \/>\n<link rel=\"canonical\" href=\"https:\/\/www.alphatec-occasion.ch\/v2\/ag-leader-sms-basic\/\" \/>\n<meta property=\"og:locale\" content=\"fr_FR\" \/>\n<meta property=\"og:type\" content=\"article\" \/>\n<meta property=\"og:title\" content=\"AG LEADER SMS basic - Alphatec\" \/>\n<meta property=\"og:url\" content=\"https:\/\/www.alphatec-occasion.ch\/v2\/ag-leader-sms-basic\/\" \/>\n<meta property=\"og:site_name\" content=\"Alphatec\" \/>\n<meta property=\"article:publisher\" content=\"https:\/\/www.facebook.com\/alphatec1350\" \/>\n<meta property=\"article:published_time\" content=\"2016-03-15T12:38:22+00:00\" \/>\n<meta property=\"article:modified_time\" content=\"2021-04-13T10:38:20+00:00\" \/>\n<meta property=\"og:image\" content=\"https:\/\/i1.wp.com\/www.alphatec-occasion.ch\/v2\/wp-content\/uploads\/2016\/03\/smsgenericlogo.png?fit=700%2C700&ssl=1\" \/>\n\t<meta property=\"og:image:width\" content=\"700\" \/>\n\t<meta property=\"og:image:height\" content=\"700\" \/>\n\t<meta property=\"og:image:type\" content=\"image\/png\" \/>\n<meta name=\"author\" content=\"Laurent Ti\u00e8che\" \/>\n<meta name=\"twitter:card\" content=\"summary_large_image\" \/>\n<meta name=\"twitter:label1\" content=\"\u00c9crit par\" \/>\n\t<meta name=\"twitter:data1\" content=\"Laurent Ti\u00e8che\" \/>\n<script type=\"application\/ld+json\" class=\"yoast-schema-graph\">{\"@context\":\"https:\/\/schema.org\",\"@graph\":[{\"@type\":\"Article\",\"@id\":\"https:\/\/www.alphatec-occasion.ch\/v2\/ag-leader-sms-basic\/#article\",\"isPartOf\":{\"@id\":\"https:\/\/www.alphatec-occasion.ch\/v2\/ag-leader-sms-basic\/\"},\"author\":{\"name\":\"Laurent Ti\u00e8che\",\"@id\":\"https:\/\/www.alphatec-occasion.ch\/v2\/#\/schema\/person\/a2d1654aa48c13d3170daa9798f1140c\"},\"headline\":\"AG LEADER SMS basic\",\"datePublished\":\"2016-03-15T12:38:22+00:00\",\"dateModified\":\"2021-04-13T10:38:20+00:00\",\"mainEntityOfPage\":{\"@id\":\"https:\/\/www.alphatec-occasion.ch\/v2\/ag-leader-sms-basic\/\"},\"wordCount\":4,\"publisher\":{\"@id\":\"https:\/\/www.alphatec-occasion.ch\/v2\/#organization\"},\"image\":{\"@id\":\"https:\/\/www.alphatec-occasion.ch\/v2\/ag-leader-sms-basic\/#primaryimage\"},\"thumbnailUrl\":\"https:\/\/i0.wp.com\/www.alphatec-occasion.ch\/v2\/wp-content\/uploads\/2016\/03\/smsgenericlogo.png?fit=700%2C700&ssl=1\",\"articleSection\":[\"AgLeader GPS\",\"Gestion des donn\u00e9es - SMS - AgFiniti\",\"Machines neuves\"],\"inLanguage\":\"fr-FR\"},{\"@type\":\"WebPage\",\"@id\":\"https:\/\/www.alphatec-occasion.ch\/v2\/ag-leader-sms-basic\/\",\"url\":\"https:\/\/www.alphatec-occasion.ch\/v2\/ag-leader-sms-basic\/\",\"name\":\"AG LEADER SMS basic - Alphatec\",\"isPartOf\":{\"@id\":\"https:\/\/www.alphatec-occasion.ch\/v2\/#website\"},\"primaryImageOfPage\":{\"@id\":\"https:\/\/www.alphatec-occasion.ch\/v2\/ag-leader-sms-basic\/#primaryimage\"},\"image\":{\"@id\":\"https:\/\/www.alphatec-occasion.ch\/v2\/ag-leader-sms-basic\/#primaryimage\"},\"thumbnailUrl\":\"https:\/\/i0.wp.com\/www.alphatec-occasion.ch\/v2\/wp-content\/uploads\/2016\/03\/smsgenericlogo.png?fit=700%2C700&ssl=1\",\"datePublished\":\"2016-03-15T12:38:22+00:00\",\"dateModified\":\"2021-04-13T10:38:20+00:00\",\"breadcrumb\":{\"@id\":\"https:\/\/www.alphatec-occasion.ch\/v2\/ag-leader-sms-basic\/#breadcrumb\"},\"inLanguage\":\"fr-FR\",\"potentialAction\":[{\"@type\":\"ReadAction\",\"target\":[\"https:\/\/www.alphatec-occasion.ch\/v2\/ag-leader-sms-basic\/\"]}]},{\"@type\":\"ImageObject\",\"inLanguage\":\"fr-FR\",\"@id\":\"https:\/\/www.alphatec-occasion.ch\/v2\/ag-leader-sms-basic\/#primaryimage\",\"url\":\"https:\/\/i0.wp.com\/www.alphatec-occasion.ch\/v2\/wp-content\/uploads\/2016\/03\/smsgenericlogo.png?fit=700%2C700&ssl=1\",\"contentUrl\":\"https:\/\/i0.wp.com\/www.alphatec-occasion.ch\/v2\/wp-content\/uploads\/2016\/03\/smsgenericlogo.png?fit=700%2C700&ssl=1\",\"width\":700,\"height\":700},{\"@type\":\"BreadcrumbList\",\"@id\":\"https:\/\/www.alphatec-occasion.ch\/v2\/ag-leader-sms-basic\/#breadcrumb\",\"itemListElement\":[{\"@type\":\"ListItem\",\"position\":1,\"name\":\"Accueil\",\"item\":\"https:\/\/www.alphatec-occasion.ch\/v2\/\"},{\"@type\":\"ListItem\",\"position\":2,\"name\":\"AG LEADER SMS basic\"}]},{\"@type\":\"WebSite\",\"@id\":\"https:\/\/www.alphatec-occasion.ch\/v2\/#website\",\"url\":\"https:\/\/www.alphatec-occasion.ch\/v2\/\",\"name\":\"Alphatec\",\"description\":\"Vente et location de machines agricoles neuves et d&#039;occasion.\",\"publisher\":{\"@id\":\"https:\/\/www.alphatec-occasion.ch\/v2\/#organization\"},\"potentialAction\":[{\"@type\":\"SearchAction\",\"target\":{\"@type\":\"EntryPoint\",\"urlTemplate\":\"https:\/\/www.alphatec-occasion.ch\/v2\/?s={search_term_string}\"},\"query-input\":{\"@type\":\"PropertyValueSpecification\",\"valueRequired\":true,\"valueName\":\"search_term_string\"}}],\"inLanguage\":\"fr-FR\"},{\"@type\":\"Organization\",\"@id\":\"https:\/\/www.alphatec-occasion.ch\/v2\/#organization\",\"name\":\"Alphatec Occasion\",\"url\":\"https:\/\/www.alphatec-occasion.ch\/v2\/\",\"logo\":{\"@type\":\"ImageObject\",\"inLanguage\":\"fr-FR\",\"@id\":\"https:\/\/www.alphatec-occasion.ch\/v2\/#\/schema\/logo\/image\/\",\"url\":\"https:\/\/i0.wp.com\/www.alphatec-occasion.ch\/v2\/wp-content\/uploads\/2016\/02\/logo-googleMaps.jpg?fit=480%2C270&ssl=1\",\"contentUrl\":\"https:\/\/i0.wp.com\/www.alphatec-occasion.ch\/v2\/wp-content\/uploads\/2016\/02\/logo-googleMaps.jpg?fit=480%2C270&ssl=1\",\"width\":480,\"height\":270,\"caption\":\"Alphatec Occasion\"},\"image\":{\"@id\":\"https:\/\/www.alphatec-occasion.ch\/v2\/#\/schema\/logo\/image\/\"},\"sameAs\":[\"https:\/\/www.facebook.com\/alphatec1350\"]},{\"@type\":\"Person\",\"@id\":\"https:\/\/www.alphatec-occasion.ch\/v2\/#\/schema\/person\/a2d1654aa48c13d3170daa9798f1140c\",\"name\":\"Laurent Ti\u00e8che\"}]}<\/script>\n<!-- \/ Yoast SEO plugin. -->","yoast_head_json":{"title":"AG LEADER SMS basic - Alphatec","robots":{"index":"index","follow":"follow","max-snippet":"max-snippet:-1","max-image-preview":"max-image-preview:large","max-video-preview":"max-video-preview:-1"},"canonical":"https:\/\/www.alphatec-occasion.ch\/v2\/ag-leader-sms-basic\/","og_locale":"fr_FR","og_type":"article","og_title":"AG LEADER SMS basic - Alphatec","og_url":"https:\/\/www.alphatec-occasion.ch\/v2\/ag-leader-sms-basic\/","og_site_name":"Alphatec","article_publisher":"https:\/\/www.facebook.com\/alphatec1350","article_published_time":"2016-03-15T12:38:22+00:00","article_modified_time":"2021-04-13T10:38:20+00:00","og_image":[{"width":700,"height":700,"url":"https:\/\/i1.wp.com\/www.alphatec-occasion.ch\/v2\/wp-content\/uploads\/2016\/03\/smsgenericlogo.png?fit=700%2C700&ssl=1","type":"image\/png"}],"author":"Laurent Ti\u00e8che","twitter_card":"summary_large_image","twitter_misc":{"\u00c9crit par":"Laurent Ti\u00e8che"},"schema":{"@context":"https:\/\/schema.org","@graph":[{"@type":"Article","@id":"https:\/\/www.alphatec-occasion.ch\/v2\/ag-leader-sms-basic\/#article","isPartOf":{"@id":"https:\/\/www.alphatec-occasion.ch\/v2\/ag-leader-sms-basic\/"},"author":{"name":"Laurent Ti\u00e8che","@id":"https:\/\/www.alphatec-occasion.ch\/v2\/#\/schema\/person\/a2d1654aa48c13d3170daa9798f1140c"},"headline":"AG LEADER SMS basic","datePublished":"2016-03-15T12:38:22+00:00","dateModified":"2021-04-13T10:38:20+00:00","mainEntityOfPage":{"@id":"https:\/\/www.alphatec-occasion.ch\/v2\/ag-leader-sms-basic\/"},"wordCount":4,"publisher":{"@id":"https:\/\/www.alphatec-occasion.ch\/v2\/#organization"},"image":{"@id":"https:\/\/www.alphatec-occasion.ch\/v2\/ag-leader-sms-basic\/#primaryimage"},"thumbnailUrl":"https:\/\/i0.wp.com\/www.alphatec-occasion.ch\/v2\/wp-content\/uploads\/2016\/03\/smsgenericlogo.png?fit=700%2C700&ssl=1","articleSection":["AgLeader GPS","Gestion des donn\u00e9es - SMS - AgFiniti","Machines neuves"],"inLanguage":"fr-FR"},{"@type":"WebPage","@id":"https:\/\/www.alphatec-occasion.ch\/v2\/ag-leader-sms-basic\/","url":"https:\/\/www.alphatec-occasion.ch\/v2\/ag-leader-sms-basic\/","name":"AG LEADER SMS basic - Alphatec","isPartOf":{"@id":"https:\/\/www.alphatec-occasion.ch\/v2\/#website"},"primaryImageOfPage":{"@id":"https:\/\/www.alphatec-occasion.ch\/v2\/ag-leader-sms-basic\/#primaryimage"},"image":{"@id":"https:\/\/www.alphatec-occasion.ch\/v2\/ag-leader-sms-basic\/#primaryimage"},"thumbnailUrl":"https:\/\/i0.wp.com\/www.alphatec-occasion.ch\/v2\/wp-content\/uploads\/2016\/03\/smsgenericlogo.png?fit=700%2C700&ssl=1","datePublished":"2016-03-15T12:38:22+00:00","dateModified":"2021-04-13T10:38:20+00:00","breadcrumb":{"@id":"https:\/\/www.alphatec-occasion.ch\/v2\/ag-leader-sms-basic\/#breadcrumb"},"inLanguage":"fr-FR","potentialAction":[{"@type":"ReadAction","target":["https:\/\/www.alphatec-occasion.ch\/v2\/ag-leader-sms-basic\/"]}]},{"@type":"ImageObject","inLanguage":"fr-FR","@id":"https:\/\/www.alphatec-occasion.ch\/v2\/ag-leader-sms-basic\/#primaryimage","url":"https:\/\/i0.wp.com\/www.alphatec-occasion.ch\/v2\/wp-content\/uploads\/2016\/03\/smsgenericlogo.png?fit=700%2C700&ssl=1","contentUrl":"https:\/\/i0.wp.com\/www.alphatec-occasion.ch\/v2\/wp-content\/uploads\/2016\/03\/smsgenericlogo.png?fit=700%2C700&ssl=1","width":700,"height":700},{"@type":"BreadcrumbList","@id":"https:\/\/www.alphatec-occasion.ch\/v2\/ag-leader-sms-basic\/#breadcrumb","itemListElement":[{"@type":"ListItem","position":1,"name":"Accueil","item":"https:\/\/www.alphatec-occasion.ch\/v2\/"},{"@type":"ListItem","position":2,"name":"AG LEADER SMS basic"}]},{"@type":"WebSite","@id":"https:\/\/www.alphatec-occasion.ch\/v2\/#website","url":"https:\/\/www.alphatec-occasion.ch\/v2\/","name":"Alphatec","description":"Vente et location de machines agricoles neuves et d&#039;occasion.","publisher":{"@id":"https:\/\/www.alphatec-occasion.ch\/v2\/#organization"},"potentialAction":[{"@type":"SearchAction","target":{"@type":"EntryPoint","urlTemplate":"https:\/\/www.alphatec-occasion.ch\/v2\/?s={search_term_string}"},"query-input":{"@type":"PropertyValueSpecification","valueRequired":true,"valueName":"search_term_string"}}],"inLanguage":"fr-FR"},{"@type":"Organization","@id":"https:\/\/www.alphatec-occasion.ch\/v2\/#organization","name":"Alphatec Occasion","url":"https:\/\/www.alphatec-occasion.ch\/v2\/","logo":{"@type":"ImageObject","inLanguage":"fr-FR","@id":"https:\/\/www.alphatec-occasion.ch\/v2\/#\/schema\/logo\/image\/","url":"https:\/\/i0.wp.com\/www.alphatec-occasion.ch\/v2\/wp-content\/uploads\/2016\/02\/logo-googleMaps.jpg?fit=480%2C270&ssl=1","contentUrl":"https:\/\/i0.wp.com\/www.alphatec-occasion.ch\/v2\/wp-content\/uploads\/2016\/02\/logo-googleMaps.jpg?fit=480%2C270&ssl=1","width":480,"height":270,"caption":"Alphatec Occasion"},"image":{"@id":"https:\/\/www.alphatec-occasion.ch\/v2\/#\/schema\/logo\/image\/"},"sameAs":["https:\/\/www.facebook.com\/alphatec1350"]},{"@type":"Person","@id":"https:\/\/www.alphatec-occasion.ch\/v2\/#\/schema\/person\/a2d1654aa48c13d3170daa9798f1140c","name":"Laurent Ti\u00e8che"}]}},"jetpack_publicize_connections":[],"jetpack_featured_media_url":"https:\/\/i0.wp.com\/www.alphatec-occasion.ch\/v2\/wp-content\/uploads\/2016\/03\/smsgenericlogo.png?fit=700%2C700&ssl=1","jetpack_sharing_enabled":true,"_links":{"self":[{"href":"https:\/\/www.alphatec-occasion.ch\/v2\/wp-json\/wp\/v2\/posts\/3883","targetHints":{"allow":["GET"]}}],"collection":[{"href":"https:\/\/www.alphatec-occasion.ch\/v2\/wp-json\/wp\/v2\/posts"}],"about":[{"href":"https:\/\/www.alphatec-occasion.ch\/v2\/wp-json\/wp\/v2\/types\/post"}],"author":[{"embeddable":true,"href":"https:\/\/www.alphatec-occasion.ch\/v2\/wp-json\/wp\/v2\/users\/3"}],"replies":[{"embeddable":true,"href":"https:\/\/www.alphatec-occasion.ch\/v2\/wp-json\/wp\/v2\/comments?post=3883"}],"version-history":[{"count":2,"href":"https:\/\/www.alphatec-occasion.ch\/v2\/wp-json\/wp\/v2\/posts\/3883\/revisions"}],"predecessor-version":[{"id":16014,"href":"https:\/\/www.alphatec-occasion.ch\/v2\/wp-json\/wp\/v2\/posts\/3883\/revisions\/16014"}],"wp:featuredmedia":[{"embeddable":true,"href":"https:\/\/www.alphatec-occasion.ch\/v2\/wp-json\/wp\/v2\/media\/3885"}],"wp:attachment":[{"href":"https:\/\/www.alphatec-occasion.ch\/v2\/wp-json\/wp\/v2\/media?parent=3883"}],"wp:term":[{"taxonomy":"category","embeddable":true,"href":"https:\/\/www.alphatec-occasion.ch\/v2\/wp-json\/wp\/v2\/categories?post=3883"},{"taxonomy":"post_tag","embeddable":true,"href":"https:\/\/www.alphatec-occasion.ch\/v2\/wp-json\/wp\/v2\/tags?post=3883"}],"curies":[{"name":"wp","href":"https:\/\/api.w.org\/{rel}","templated":true}]}}