{"id":25085,"date":"2026-02-04T14:59:59","date_gmt":"2026-02-04T13:59:59","guid":{"rendered":"https:\/\/www.alphatec-occasion.ch\/v2\/?p=25085"},"modified":"2026-02-06T14:53:50","modified_gmt":"2026-02-06T13:53:50","slug":"26-0741-enfouisseur-a-lisier-vredo","status":"publish","type":"post","link":"https:\/\/www.alphatec-occasion.ch\/v2\/26-0741-enfouisseur-a-lisier-vredo\/","title":{"rendered":"26.0741 Enfouisseur \u00e0 lisier VREDO"},"content":{"rendered":"","protected":false},"excerpt":{"rendered":"","protected":false},"author":6,"featured_media":25087,"comment_status":"closed","ping_status":"closed","sticky":false,"template":"","format":"standard","meta":{"_jetpack_memberships_contains_paid_content":false,"footnotes":"","jetpack_publicize_message":"","jetpack_publicize_feature_enabled":true,"jetpack_social_post_already_shared":true,"jetpack_social_options":{"image_generator_settings":{"template":"highway","default_image_id":0,"font":"","enabled":false},"version":2}},"categories":[142,3],"tags":[],"class_list":["post-25085","post","type-post","status-publish","format-standard","has-post-thumbnail","hentry","category-divers-occasions","category-occasions"],"yoast_head":"<!-- This site is optimized with the Yoast SEO plugin v27.1.1 - https:\/\/yoast.com\/product\/yoast-seo-wordpress\/ -->\n<title>26.0741 Enfouisseur \u00e0 lisier VREDO - Alphatec<\/title>\n<meta name=\"robots\" content=\"index, follow, max-snippet:-1, max-image-preview:large, max-video-preview:-1\" \/>\n<link rel=\"canonical\" href=\"https:\/\/www.alphatec-occasion.ch\/v2\/26-0741-enfouisseur-a-lisier-vredo\/\" \/>\n<meta property=\"og:locale\" content=\"fr_FR\" \/>\n<meta property=\"og:type\" content=\"article\" \/>\n<meta property=\"og:title\" content=\"26.0741 Enfouisseur \u00e0 lisier VREDO - Alphatec\" \/>\n<meta property=\"og:url\" content=\"https:\/\/www.alphatec-occasion.ch\/v2\/26-0741-enfouisseur-a-lisier-vredo\/\" \/>\n<meta property=\"og:site_name\" content=\"Alphatec\" \/>\n<meta property=\"article:publisher\" content=\"https:\/\/www.facebook.com\/alphatec1350\" \/>\n<meta property=\"article:published_time\" content=\"2026-02-04T13:59:59+00:00\" \/>\n<meta property=\"article:modified_time\" content=\"2026-02-06T13:53:50+00:00\" \/>\n<meta property=\"og:image\" content=\"https:\/\/www.alphatec-occasion.ch\/v2\/wp-content\/uploads\/2026\/02\/MG_2770.jpg\" \/>\n\t<meta property=\"og:image:width\" content=\"1920\" \/>\n\t<meta property=\"og:image:height\" content=\"1280\" \/>\n\t<meta property=\"og:image:type\" content=\"image\/jpeg\" \/>\n<meta name=\"author\" content=\"Alphatec Occasions\" \/>\n<meta name=\"twitter:card\" content=\"summary_large_image\" \/>\n<meta name=\"twitter:label1\" content=\"\u00c9crit par\" \/>\n\t<meta name=\"twitter:data1\" content=\"Alphatec Occasions\" \/>\n\t<meta name=\"twitter:label2\" content=\"Dur\u00e9e de lecture estim\u00e9e\" \/>\n\t<meta name=\"twitter:data2\" content=\"6 minutes\" \/>\n<script type=\"application\/ld+json\" class=\"yoast-schema-graph\">{\"@context\":\"https:\/\/schema.org\",\"@graph\":[{\"@type\":\"Article\",\"@id\":\"https:\/\/www.alphatec-occasion.ch\/v2\/26-0741-enfouisseur-a-lisier-vredo\/#article\",\"isPartOf\":{\"@id\":\"https:\/\/www.alphatec-occasion.ch\/v2\/26-0741-enfouisseur-a-lisier-vredo\/\"},\"author\":{\"name\":\"Alphatec Occasions\",\"@id\":\"https:\/\/www.alphatec-occasion.ch\/v2\/#\/schema\/person\/4098d7aaeceab1a3a64819d1109f507b\"},\"headline\":\"26.0741 Enfouisseur \u00e0 lisier VREDO\",\"datePublished\":\"2026-02-04T13:59:59+00:00\",\"dateModified\":\"2026-02-06T13:53:50+00:00\",\"mainEntityOfPage\":{\"@id\":\"https:\/\/www.alphatec-occasion.ch\/v2\/26-0741-enfouisseur-a-lisier-vredo\/\"},\"wordCount\":3,\"publisher\":{\"@id\":\"https:\/\/www.alphatec-occasion.ch\/v2\/#organization\"},\"image\":{\"@id\":\"https:\/\/www.alphatec-occasion.ch\/v2\/26-0741-enfouisseur-a-lisier-vredo\/#primaryimage\"},\"thumbnailUrl\":\"https:\/\/i0.wp.com\/www.alphatec-occasion.ch\/v2\/wp-content\/uploads\/2026\/02\/MG_2770.jpg?fit=1920%2C1280&ssl=1\",\"articleSection\":[\"Divers\",\"Occasions\"],\"inLanguage\":\"fr-FR\"},{\"@type\":\"WebPage\",\"@id\":\"https:\/\/www.alphatec-occasion.ch\/v2\/26-0741-enfouisseur-a-lisier-vredo\/\",\"url\":\"https:\/\/www.alphatec-occasion.ch\/v2\/26-0741-enfouisseur-a-lisier-vredo\/\",\"name\":\"26.0741 Enfouisseur \u00e0 lisier VREDO - Alphatec\",\"isPartOf\":{\"@id\":\"https:\/\/www.alphatec-occasion.ch\/v2\/#website\"},\"primaryImageOfPage\":{\"@id\":\"https:\/\/www.alphatec-occasion.ch\/v2\/26-0741-enfouisseur-a-lisier-vredo\/#primaryimage\"},\"image\":{\"@id\":\"https:\/\/www.alphatec-occasion.ch\/v2\/26-0741-enfouisseur-a-lisier-vredo\/#primaryimage\"},\"thumbnailUrl\":\"https:\/\/i0.wp.com\/www.alphatec-occasion.ch\/v2\/wp-content\/uploads\/2026\/02\/MG_2770.jpg?fit=1920%2C1280&ssl=1\",\"datePublished\":\"2026-02-04T13:59:59+00:00\",\"dateModified\":\"2026-02-06T13:53:50+00:00\",\"breadcrumb\":{\"@id\":\"https:\/\/www.alphatec-occasion.ch\/v2\/26-0741-enfouisseur-a-lisier-vredo\/#breadcrumb\"},\"inLanguage\":\"fr-FR\",\"potentialAction\":[{\"@type\":\"ReadAction\",\"target\":[\"https:\/\/www.alphatec-occasion.ch\/v2\/26-0741-enfouisseur-a-lisier-vredo\/\"]}]},{\"@type\":\"ImageObject\",\"inLanguage\":\"fr-FR\",\"@id\":\"https:\/\/www.alphatec-occasion.ch\/v2\/26-0741-enfouisseur-a-lisier-vredo\/#primaryimage\",\"url\":\"https:\/\/i0.wp.com\/www.alphatec-occasion.ch\/v2\/wp-content\/uploads\/2026\/02\/MG_2770.jpg?fit=1920%2C1280&ssl=1\",\"contentUrl\":\"https:\/\/i0.wp.com\/www.alphatec-occasion.ch\/v2\/wp-content\/uploads\/2026\/02\/MG_2770.jpg?fit=1920%2C1280&ssl=1\",\"width\":1920,\"height\":1280},{\"@type\":\"BreadcrumbList\",\"@id\":\"https:\/\/www.alphatec-occasion.ch\/v2\/26-0741-enfouisseur-a-lisier-vredo\/#breadcrumb\",\"itemListElement\":[{\"@type\":\"ListItem\",\"position\":1,\"name\":\"Accueil\",\"item\":\"https:\/\/www.alphatec-occasion.ch\/v2\/\"},{\"@type\":\"ListItem\",\"position\":2,\"name\":\"26.0741 Enfouisseur \u00e0 lisier VREDO\"}]},{\"@type\":\"WebSite\",\"@id\":\"https:\/\/www.alphatec-occasion.ch\/v2\/#website\",\"url\":\"https:\/\/www.alphatec-occasion.ch\/v2\/\",\"name\":\"Alphatec\",\"description\":\"Vente et location de machines agricoles neuves et d&#039;occasion.\",\"publisher\":{\"@id\":\"https:\/\/www.alphatec-occasion.ch\/v2\/#organization\"},\"potentialAction\":[{\"@type\":\"SearchAction\",\"target\":{\"@type\":\"EntryPoint\",\"urlTemplate\":\"https:\/\/www.alphatec-occasion.ch\/v2\/?s={search_term_string}\"},\"query-input\":{\"@type\":\"PropertyValueSpecification\",\"valueRequired\":true,\"valueName\":\"search_term_string\"}}],\"inLanguage\":\"fr-FR\"},{\"@type\":\"Organization\",\"@id\":\"https:\/\/www.alphatec-occasion.ch\/v2\/#organization\",\"name\":\"Alphatec Occasion\",\"url\":\"https:\/\/www.alphatec-occasion.ch\/v2\/\",\"logo\":{\"@type\":\"ImageObject\",\"inLanguage\":\"fr-FR\",\"@id\":\"https:\/\/www.alphatec-occasion.ch\/v2\/#\/schema\/logo\/image\/\",\"url\":\"https:\/\/i0.wp.com\/www.alphatec-occasion.ch\/v2\/wp-content\/uploads\/2016\/02\/logo-googleMaps.jpg?fit=480%2C270&ssl=1\",\"contentUrl\":\"https:\/\/i0.wp.com\/www.alphatec-occasion.ch\/v2\/wp-content\/uploads\/2016\/02\/logo-googleMaps.jpg?fit=480%2C270&ssl=1\",\"width\":480,\"height\":270,\"caption\":\"Alphatec Occasion\"},\"image\":{\"@id\":\"https:\/\/www.alphatec-occasion.ch\/v2\/#\/schema\/logo\/image\/\"},\"sameAs\":[\"https:\/\/www.facebook.com\/alphatec1350\"]},{\"@type\":\"Person\",\"@id\":\"https:\/\/www.alphatec-occasion.ch\/v2\/#\/schema\/person\/4098d7aaeceab1a3a64819d1109f507b\",\"name\":\"Alphatec Occasions\"}]}<\/script>\n<!-- \/ Yoast SEO plugin. -->","yoast_head_json":{"title":"26.0741 Enfouisseur \u00e0 lisier VREDO - Alphatec","robots":{"index":"index","follow":"follow","max-snippet":"max-snippet:-1","max-image-preview":"max-image-preview:large","max-video-preview":"max-video-preview:-1"},"canonical":"https:\/\/www.alphatec-occasion.ch\/v2\/26-0741-enfouisseur-a-lisier-vredo\/","og_locale":"fr_FR","og_type":"article","og_title":"26.0741 Enfouisseur \u00e0 lisier VREDO - Alphatec","og_url":"https:\/\/www.alphatec-occasion.ch\/v2\/26-0741-enfouisseur-a-lisier-vredo\/","og_site_name":"Alphatec","article_publisher":"https:\/\/www.facebook.com\/alphatec1350","article_published_time":"2026-02-04T13:59:59+00:00","article_modified_time":"2026-02-06T13:53:50+00:00","og_image":[{"width":1920,"height":1280,"url":"https:\/\/www.alphatec-occasion.ch\/v2\/wp-content\/uploads\/2026\/02\/MG_2770.jpg","type":"image\/jpeg"}],"author":"Alphatec Occasions","twitter_card":"summary_large_image","twitter_misc":{"\u00c9crit par":"Alphatec Occasions","Dur\u00e9e de lecture estim\u00e9e":"6 minutes"},"schema":{"@context":"https:\/\/schema.org","@graph":[{"@type":"Article","@id":"https:\/\/www.alphatec-occasion.ch\/v2\/26-0741-enfouisseur-a-lisier-vredo\/#article","isPartOf":{"@id":"https:\/\/www.alphatec-occasion.ch\/v2\/26-0741-enfouisseur-a-lisier-vredo\/"},"author":{"name":"Alphatec Occasions","@id":"https:\/\/www.alphatec-occasion.ch\/v2\/#\/schema\/person\/4098d7aaeceab1a3a64819d1109f507b"},"headline":"26.0741 Enfouisseur \u00e0 lisier VREDO","datePublished":"2026-02-04T13:59:59+00:00","dateModified":"2026-02-06T13:53:50+00:00","mainEntityOfPage":{"@id":"https:\/\/www.alphatec-occasion.ch\/v2\/26-0741-enfouisseur-a-lisier-vredo\/"},"wordCount":3,"publisher":{"@id":"https:\/\/www.alphatec-occasion.ch\/v2\/#organization"},"image":{"@id":"https:\/\/www.alphatec-occasion.ch\/v2\/26-0741-enfouisseur-a-lisier-vredo\/#primaryimage"},"thumbnailUrl":"https:\/\/i0.wp.com\/www.alphatec-occasion.ch\/v2\/wp-content\/uploads\/2026\/02\/MG_2770.jpg?fit=1920%2C1280&ssl=1","articleSection":["Divers","Occasions"],"inLanguage":"fr-FR"},{"@type":"WebPage","@id":"https:\/\/www.alphatec-occasion.ch\/v2\/26-0741-enfouisseur-a-lisier-vredo\/","url":"https:\/\/www.alphatec-occasion.ch\/v2\/26-0741-enfouisseur-a-lisier-vredo\/","name":"26.0741 Enfouisseur \u00e0 lisier VREDO - Alphatec","isPartOf":{"@id":"https:\/\/www.alphatec-occasion.ch\/v2\/#website"},"primaryImageOfPage":{"@id":"https:\/\/www.alphatec-occasion.ch\/v2\/26-0741-enfouisseur-a-lisier-vredo\/#primaryimage"},"image":{"@id":"https:\/\/www.alphatec-occasion.ch\/v2\/26-0741-enfouisseur-a-lisier-vredo\/#primaryimage"},"thumbnailUrl":"https:\/\/i0.wp.com\/www.alphatec-occasion.ch\/v2\/wp-content\/uploads\/2026\/02\/MG_2770.jpg?fit=1920%2C1280&ssl=1","datePublished":"2026-02-04T13:59:59+00:00","dateModified":"2026-02-06T13:53:50+00:00","breadcrumb":{"@id":"https:\/\/www.alphatec-occasion.ch\/v2\/26-0741-enfouisseur-a-lisier-vredo\/#breadcrumb"},"inLanguage":"fr-FR","potentialAction":[{"@type":"ReadAction","target":["https:\/\/www.alphatec-occasion.ch\/v2\/26-0741-enfouisseur-a-lisier-vredo\/"]}]},{"@type":"ImageObject","inLanguage":"fr-FR","@id":"https:\/\/www.alphatec-occasion.ch\/v2\/26-0741-enfouisseur-a-lisier-vredo\/#primaryimage","url":"https:\/\/i0.wp.com\/www.alphatec-occasion.ch\/v2\/wp-content\/uploads\/2026\/02\/MG_2770.jpg?fit=1920%2C1280&ssl=1","contentUrl":"https:\/\/i0.wp.com\/www.alphatec-occasion.ch\/v2\/wp-content\/uploads\/2026\/02\/MG_2770.jpg?fit=1920%2C1280&ssl=1","width":1920,"height":1280},{"@type":"BreadcrumbList","@id":"https:\/\/www.alphatec-occasion.ch\/v2\/26-0741-enfouisseur-a-lisier-vredo\/#breadcrumb","itemListElement":[{"@type":"ListItem","position":1,"name":"Accueil","item":"https:\/\/www.alphatec-occasion.ch\/v2\/"},{"@type":"ListItem","position":2,"name":"26.0741 Enfouisseur \u00e0 lisier VREDO"}]},{"@type":"WebSite","@id":"https:\/\/www.alphatec-occasion.ch\/v2\/#website","url":"https:\/\/www.alphatec-occasion.ch\/v2\/","name":"Alphatec","description":"Vente et location de machines agricoles neuves et d&#039;occasion.","publisher":{"@id":"https:\/\/www.alphatec-occasion.ch\/v2\/#organization"},"potentialAction":[{"@type":"SearchAction","target":{"@type":"EntryPoint","urlTemplate":"https:\/\/www.alphatec-occasion.ch\/v2\/?s={search_term_string}"},"query-input":{"@type":"PropertyValueSpecification","valueRequired":true,"valueName":"search_term_string"}}],"inLanguage":"fr-FR"},{"@type":"Organization","@id":"https:\/\/www.alphatec-occasion.ch\/v2\/#organization","name":"Alphatec Occasion","url":"https:\/\/www.alphatec-occasion.ch\/v2\/","logo":{"@type":"ImageObject","inLanguage":"fr-FR","@id":"https:\/\/www.alphatec-occasion.ch\/v2\/#\/schema\/logo\/image\/","url":"https:\/\/i0.wp.com\/www.alphatec-occasion.ch\/v2\/wp-content\/uploads\/2016\/02\/logo-googleMaps.jpg?fit=480%2C270&ssl=1","contentUrl":"https:\/\/i0.wp.com\/www.alphatec-occasion.ch\/v2\/wp-content\/uploads\/2016\/02\/logo-googleMaps.jpg?fit=480%2C270&ssl=1","width":480,"height":270,"caption":"Alphatec Occasion"},"image":{"@id":"https:\/\/www.alphatec-occasion.ch\/v2\/#\/schema\/logo\/image\/"},"sameAs":["https:\/\/www.facebook.com\/alphatec1350"]},{"@type":"Person","@id":"https:\/\/www.alphatec-occasion.ch\/v2\/#\/schema\/person\/4098d7aaeceab1a3a64819d1109f507b","name":"Alphatec Occasions"}]}},"jetpack_publicize_connections":[],"jetpack_featured_media_url":"https:\/\/i0.wp.com\/www.alphatec-occasion.ch\/v2\/wp-content\/uploads\/2026\/02\/MG_2770.jpg?fit=1920%2C1280&ssl=1","jetpack_sharing_enabled":true,"_links":{"self":[{"href":"https:\/\/www.alphatec-occasion.ch\/v2\/wp-json\/wp\/v2\/posts\/25085","targetHints":{"allow":["GET"]}}],"collection":[{"href":"https:\/\/www.alphatec-occasion.ch\/v2\/wp-json\/wp\/v2\/posts"}],"about":[{"href":"https:\/\/www.alphatec-occasion.ch\/v2\/wp-json\/wp\/v2\/types\/post"}],"author":[{"embeddable":true,"href":"https:\/\/www.alphatec-occasion.ch\/v2\/wp-json\/wp\/v2\/users\/6"}],"replies":[{"embeddable":true,"href":"https:\/\/www.alphatec-occasion.ch\/v2\/wp-json\/wp\/v2\/comments?post=25085"}],"version-history":[{"count":3,"href":"https:\/\/www.alphatec-occasion.ch\/v2\/wp-json\/wp\/v2\/posts\/25085\/revisions"}],"predecessor-version":[{"id":25125,"href":"https:\/\/www.alphatec-occasion.ch\/v2\/wp-json\/wp\/v2\/posts\/25085\/revisions\/25125"}],"wp:featuredmedia":[{"embeddable":true,"href":"https:\/\/www.alphatec-occasion.ch\/v2\/wp-json\/wp\/v2\/media\/25087"}],"wp:attachment":[{"href":"https:\/\/www.alphatec-occasion.ch\/v2\/wp-json\/wp\/v2\/media?parent=25085"}],"wp:term":[{"taxonomy":"category","embeddable":true,"href":"https:\/\/www.alphatec-occasion.ch\/v2\/wp-json\/wp\/v2\/categories?post=25085"},{"taxonomy":"post_tag","embeddable":true,"href":"https:\/\/www.alphatec-occasion.ch\/v2\/wp-json\/wp\/v2\/tags?post=25085"}],"curies":[{"name":"wp","href":"https:\/\/api.w.org\/{rel}","templated":true}]}}